{"id":1670,"date":"2025-10-06T16:05:57","date_gmt":"2025-10-06T15:05:57","guid":{"rendered":"https:\/\/anthroposophie.online\/WP\/?p=1670"},"modified":"2025-10-06T16:24:47","modified_gmt":"2025-10-06T15:24:47","slug":"michaels-zeichen-projektiv-betrachtet","status":"publish","type":"post","link":"https:\/\/anthroposophie.online\/WP\/blog\/michaels-zeichen-projektiv-betrachtet\/","title":{"rendered":"Michaels Zeichen \u2013 projektiv betrachtet"},"content":{"rendered":"<div class=\"wp-block-post-author\"><div class=\"wp-block-post-author__avatar\"><img alt='' src='https:\/\/secure.gravatar.com\/avatar\/27cc058becbe8043a41bfb55927813a7e62bbefa1af123c749f13024f09366db?s=48&#038;d=blank&#038;r=g' srcset='https:\/\/secure.gravatar.com\/avatar\/27cc058becbe8043a41bfb55927813a7e62bbefa1af123c749f13024f09366db?s=96&#038;d=blank&#038;r=g 2x' class='avatar avatar-48 photo' height='48' width='48' \/><\/div><div class=\"wp-block-post-author__content\"><p class=\"wp-block-post-author__name\">J\u00fcrgen Brau<\/p><\/div><\/div>\n\n\n<div id=\"ez-toc-container\" class=\"ez-toc-v2_0_87 ez-toc-wrap-left counter-hierarchy ez-toc-counter ez-toc-light-blue ez-toc-container-direction\">\n<div class=\"ez-toc-title-container\">\n<p class=\"ez-toc-title\" style=\"cursor:inherit\">Inhaltsverzeichnis<\/p>\n<span class=\"ez-toc-title-toggle\"><a href=\"#\" class=\"ez-toc-pull-right ez-toc-btn ez-toc-btn-xs ez-toc-btn-default ez-toc-toggle\" aria-label=\"Toggle Table of Content\"><span class=\"ez-toc-js-icon-con\"><span class=\"\"><span class=\"eztoc-hide\" style=\"display:none;\">Toggle<\/span><span class=\"ez-toc-icon-toggle-span\"><svg style=\"fill: #999;color:#999\" xmlns=\"http:\/\/www.w3.org\/2000\/svg\" class=\"list-377408\" width=\"20px\" height=\"20px\" viewBox=\"0 0 24 24\" fill=\"none\"><path d=\"M6 6H4v2h2V6zm14 0H8v2h12V6zM4 11h2v2H4v-2zm16 0H8v2h12v-2zM4 16h2v2H4v-2zm16 0H8v2h12v-2z\" fill=\"currentColor\"><\/path><\/svg><svg style=\"fill: #999;color:#999\" class=\"arrow-unsorted-368013\" xmlns=\"http:\/\/www.w3.org\/2000\/svg\" width=\"10px\" height=\"10px\" viewBox=\"0 0 24 24\" version=\"1.2\" baseProfile=\"tiny\"><path d=\"M18.2 9.3l-6.2-6.3-6.2 6.3c-.2.2-.3.4-.3.7s.1.5.3.7c.2.2.4.3.7.3h11c.3 0 .5-.1.7-.3.2-.2.3-.5.3-.7s-.1-.5-.3-.7zM5.8 14.7l6.2 6.3 6.2-6.3c.2-.2.3-.5.3-.7s-.1-.5-.3-.7c-.2-.2-.4-.3-.7-.3h-11c-.3 0-.5.1-.7.3-.2.2-.3.5-.3.7s.1.5.3.7z\"\/><\/svg><\/span><\/span><\/span><\/a><\/span><\/div>\n<nav><ul class='ez-toc-list ez-toc-list-level-1 eztoc-toggle-hide-by-default' ><li class='ez-toc-page-1 ez-toc-heading-level-2'><a class=\"ez-toc-link ez-toc-heading-1\" href=\"https:\/\/anthroposophie.online\/WP\/blog\/michaels-zeichen-projektiv-betrachtet\/#Michaels_Zeichen_%E2%80%93_projektiv_betrachtet\" >Michaels Zeichen \u2013 projektiv betrachtet<\/a><\/li><li class='ez-toc-page-1 ez-toc-heading-level-2'><a class=\"ez-toc-link ez-toc-heading-2\" href=\"https:\/\/anthroposophie.online\/WP\/blog\/michaels-zeichen-projektiv-betrachtet\/#Michaels_Zeichen\" >Michaels Zeichen<\/a><\/li><li class='ez-toc-page-1 ez-toc-heading-level-2'><a class=\"ez-toc-link ez-toc-heading-3\" href=\"https:\/\/anthroposophie.online\/WP\/blog\/michaels-zeichen-projektiv-betrachtet\/#Der_Innenraum\" >Der Innenraum<\/a><\/li><li class='ez-toc-page-1 ez-toc-heading-level-2'><a class=\"ez-toc-link ez-toc-heading-4\" href=\"https:\/\/anthroposophie.online\/WP\/blog\/michaels-zeichen-projektiv-betrachtet\/#Der_Aussenraum\" >Der Au\u00dfenraum<\/a><\/li><li class='ez-toc-page-1 ez-toc-heading-level-2'><a class=\"ez-toc-link ez-toc-heading-5\" href=\"https:\/\/anthroposophie.online\/WP\/blog\/michaels-zeichen-projektiv-betrachtet\/#Moralische_Fantasie\" >Moralische Fantasie<\/a><\/li><\/ul><\/nav><\/div>\n<h2 class=\"wp-block-heading\"><span class=\"ez-toc-section\" id=\"Michaels_Zeichen_%E2%80%93_projektiv_betrachtet\"><\/span>Michaels Zeichen \u2013 projektiv betrachtet<span class=\"ez-toc-section-end\"><\/span><\/h2>\n\n\n\n<p>Das Zeichen Michaels, das am Ende jeder Klassenstunde in den Raum &#8222;gezeichnet&#8220; wird, konkretisiert sich durch die individuelle Armbewegung des bzw. der Vorlesenden \u2013 es ist ein Bewegungszeichen. Im Kontext der projektiven Geometrie handelt es sich um eine &#8222;harmonische Grundfigur&#8220;: ein &#8222;vollst\u00e4ndiges Vierseit&#8220;, das in ein &#8222;vollst\u00e4ndiges Viereck&#8220; verwandelt werden kann. Vollzieht man diese Verwandlung innerlich mit, wird erlebbar, wie &#8222;moralische Intuitionen&#8220; zu freien, michaelischen Taten bef\u00e4higen, wenn man sie mit &#8222;moralischer Fantasie&#8220; ausf\u00fchrt.<\/p>\n\n\n\n<p>In dem halben Jahr vom 15.2.1924 bis 2.8.1924 entfaltete Rudolf Steiner in 19 Klassenstunden den Schulungsweg der Michaelschule. Die Londoner Klassenstunde vom 27.8.1924 beendete Steiner erstmals<sup data-fn=\"39c11f7f-b4ce-4c62-bc26-1d72a4bbf069\" class=\"fn\"><a href=\"#39c11f7f-b4ce-4c62-bc26-1d72a4bbf069\" id=\"39c11f7f-b4ce-4c62-bc26-1d72a4bbf069-link\">1<\/a><\/sup> mit Zeichen und Siegel Michaels, &#8222;gedr\u00fcckt&#8220; auf den dreifachen, durch unterst\u00fctzende Gesten bekr\u00e4ftigten und seine Bedeutung erl\u00e4uternden Rosenkreuzerspruch. Dabei kann einem die Bedeutung des Michaelzeichens zur Frage werden. Die nachstehenden Betrachtungen sind ein Versuch<sup data-fn=\"e98918b0-842c-4bd4-9510-90d55872cc5a\" class=\"fn\"><a href=\"#e98918b0-842c-4bd4-9510-90d55872cc5a\" id=\"e98918b0-842c-4bd4-9510-90d55872cc5a-link\">2<\/a><\/sup>, das Zeichen Michaels verstehen zu wollen, getragen von dem Erleben, dass insbesondere die projektive Geometrie zu dieser Frage etwas beizutragen hat.<sup data-fn=\"c53fce68-158d-4ac3-a3e6-9d1214beb526\" class=\"fn\"><a href=\"#c53fce68-158d-4ac3-a3e6-9d1214beb526\" id=\"c53fce68-158d-4ac3-a3e6-9d1214beb526-link\">3<\/a><\/sup><\/p>\n\n\n\n<h2 class=\"wp-block-heading\"><span class=\"ez-toc-section\" id=\"Michaels_Zeichen\"><\/span><strong>Michaels Zeichen<\/strong><span class=\"ez-toc-section-end\"><\/span><\/h2>\n\n\n\n<figure class=\"wp-block-image size-full is-resized\"><img decoding=\"async\" width=\"491\" height=\"541\" src=\"https:\/\/anthroposophie.online\/WP\/wp-content\/uploads\/2025\/10\/image.png\" alt=\"\" class=\"wp-image-1673\" style=\"aspect-ratio:1;object-fit:contain;width:359px;height:auto\" srcset=\"https:\/\/anthroposophie.online\/WP\/wp-content\/uploads\/2025\/10\/image.png 491w, https:\/\/anthroposophie.online\/WP\/wp-content\/uploads\/2025\/10\/image-272x300.png 272w\" sizes=\"(max-width: 491px) 100vw, 491px\" \/><\/figure>\n\n\n\n<p>Abb. 1: Das Zeichen Michaels im Vierseit<\/p>\n\n\n\n<p>Auf den ersten Blick umf\u00e4hrt man mit dem Michaelzeichen zwei Dreiecke und ein so genanntes &#8222;Drachen&#8220;-Viereck. Denkt man die vier Strecken projektiv als Geradenabschnitte, so hat man ein &#8222;vollst\u00e4ndiges Vierseit&#8220; vor sich \u2013 &#8222;vollst\u00e4ndig&#8220;, weil sich die vier Geraden in sechs Punkten schneiden.<\/p>\n\n\n\n<p>Geraden und Punkte sind in der projektiven Geometrie duale Elemente: Vier Geraden in allgemeiner Lage schneiden sich stets in sechs Punkten, und durch vier Punkte lassen sich immer sechs Geraden zeichnen.<sup data-fn=\"791ae691-eba8-4101-b38e-efa4e1157f0c\" class=\"fn\"><a href=\"#791ae691-eba8-4101-b38e-efa4e1157f0c\" id=\"791ae691-eba8-4101-b38e-efa4e1157f0c-link\">4<\/a><\/sup><\/p>\n\n\n\n<figure class=\"wp-block-image size-full is-resized\"><img decoding=\"async\" width=\"1456\" height=\"1438\" src=\"https:\/\/anthroposophie.online\/WP\/wp-content\/uploads\/2025\/10\/image-1.png\" alt=\"\" class=\"wp-image-1674\" style=\"aspect-ratio:1;object-fit:contain;width:458px;height:auto\" srcset=\"https:\/\/anthroposophie.online\/WP\/wp-content\/uploads\/2025\/10\/image-1.png 1456w, https:\/\/anthroposophie.online\/WP\/wp-content\/uploads\/2025\/10\/image-1-300x296.png 300w\" sizes=\"(max-width: 1456px) 100vw, 1456px\" \/><\/figure>\n\n\n\n<p>Abb. 2: Die harmonische Grundfigur<\/p>\n\n\n\n<p>Verbindet man nun im obigen vollst\u00e4ndigen Vierseit je zwei &#8222;gegen\u00fcberliegende&#8220; Punkte durch drei Geraden, erh\u00e4lt man das &#8222;Nebendreiseit&#8220; (blau), dessen Seiten sich in den drei Eckpunkten des &#8222;Nebendreiecks&#8220; schneiden. Von jeder Ecke des Nebendreiecks lassen sich zwei weitere Geraden durch je zwei Punkte des vollst\u00e4ndigen Vierseits zeichnen. Dadurch entstehen insgesamt sechs neue Geraden (gr\u00fcn), die ein vollst\u00e4ndiges Viereck bilden (rot gef\u00e4rbt), das urspr\u00fcngliche Drachenviereck umh\u00fcllend. Von diesem vollst\u00e4ndigen Viereck ausgehend k\u00f6nnte man auf umgekehrtem Wege das urspr\u00fcngliche vollst\u00e4ndige Vierseit mit dem Michaelzeichen darin konstruieren.<\/p>\n\n\n\n<p>Den Zusammenhang von Vierseit und Viereck bezeichnet man als &#8222;harmonische Grundfigur&#8220; \u2013 auch &#8222;13er-Gebilde&#8220; genannt, denn zu den 4 Seiten des vollst\u00e4ndigen Vierseits korrespondieren 6 Punkte, die auf den 3 Seiten des Nebendreiseits liegen, wobei die 3 Ecken des zugeh\u00f6rigen Nebendreiecks Anlass geben zu den 6 Geraden und den 4 Punkten des vollst\u00e4ndigen Vierecks.<\/p>\n\n\n\n<p>Die harmonische Grundfigur in der Ebene ist zu sich selbst dual: Alle in ihr vorkommenden Punkt- und Geradenvierlinge liegen zueinander &#8222;harmonisch&#8220;, das hei\u00dft entsprechende Geradenabschnitte stehen im &#8222;Doppelverh\u00e4ltnis&#8220;, das bei Zentralprojektionen unver\u00e4ndert bleibt.<\/p>\n\n\n\n<h2 class=\"wp-block-heading\"><span class=\"ez-toc-section\" id=\"Der_Innenraum\"><\/span><strong>Der Innenraum<\/strong><span class=\"ez-toc-section-end\"><\/span><\/h2>\n\n\n\n<figure class=\"wp-block-image size-full is-resized\"><img decoding=\"async\" width=\"1146\" height=\"1186\" src=\"https:\/\/anthroposophie.online\/WP\/wp-content\/uploads\/2025\/10\/image-2.png\" alt=\"\" class=\"wp-image-1675\" style=\"aspect-ratio:1;object-fit:contain;width:582px;height:auto\" srcset=\"https:\/\/anthroposophie.online\/WP\/wp-content\/uploads\/2025\/10\/image-2.png 1146w, https:\/\/anthroposophie.online\/WP\/wp-content\/uploads\/2025\/10\/image-2-290x300.png 290w\" sizes=\"(max-width: 1146px) 100vw, 1146px\" \/><\/figure>\n\n\n\n<p>Abb. 3: Im Michaelzeichen<\/p>\n\n\n\n<p>Die Geste des Michaelzeichens dr\u00fcckt aus, wie aus moralischen Intuitionen<sup data-fn=\"acdddaab-5fe9-4a06-9a7e-f68846f8be04\" class=\"fn\"><a href=\"#acdddaab-5fe9-4a06-9a7e-f68846f8be04\" id=\"acdddaab-5fe9-4a06-9a7e-f68846f8be04-link\">5<\/a><\/sup> \u2013 indem der Mensch sie individualisiert und konkretisiert \u2013 freie Taten werden. Folgt man der Bewegung, bildet sich dadurch das Drachenviereck, die seelische Mitte, aus der die Liebe zur Tat entspringt.<\/p>\n\n\n\n<p>K\u00fcrzt man die Gesamtbewegung hingegen ab, indem die Intuition sogleich konkretisiert, aber nicht individualisiert wird, entsteht das obere Dreieck: Konkretisierung ohne Individualisierung ist ein Kennzeichen Ahrimans. Im abgek\u00fcrzten Umfahren des unteren Dreiecks individualisiert man zwar, aber konkretisiert nicht und verliert sich im Luziferischen.<\/p>\n\n\n\n<p>Thomas Meyer sieht im Zeichen Michaels ausgedr\u00fcckt die Verbindung von geistiger und physischer Welt, die er polar gegen\u00fcberstellt.<sup data-fn=\"9ec94388-261b-49e6-84d8-ea2a5de47c19\" class=\"fn\"><a href=\"#9ec94388-261b-49e6-84d8-ea2a5de47c19\" id=\"9ec94388-261b-49e6-84d8-ea2a5de47c19-link\">6<\/a><\/sup> Es sei mir hier eine etwas andere Lesart des Michaelzeichens gestattet, denn getreu dem alten Grundsatz:<\/p>\n\n\n\n<blockquote class=\"wp-block-quote is-layout-flow wp-block-quote-is-layout-flow\">\n<p>&#8222;<em>Geist ist niemals ohne Materie,<\/em><br><em>Materie niemals ohne Geist<\/em>&#8222;<sup data-fn=\"1fd5202c-f585-4354-9918-7683b5475b54\" class=\"fn\"><a href=\"#1fd5202c-f585-4354-9918-7683b5475b54\" id=\"1fd5202c-f585-4354-9918-7683b5475b54-link\">7<\/a><\/sup><\/p>\n<\/blockquote>\n\n\n\n<p>zeigt sich <em>in der<\/em> <em>Bewegung<\/em> zwischen Innen und Au\u00dfen der Geist <em>in<\/em> der Materie, mit dem wir es auf der Erde wesentlich zu tun haben. Die beiden Versuchungen in Gestalt von Luzifer und Ahriman werden vom Michaelzeichen einbezogen \u2013 auch die Handgeste des Menschheitsrepr\u00e4sentanten in der &#8222;Gruppe&#8220; weist sie nicht ab, sondern bildet einen Innenraum, deutlich machend: <em>Ich Bin der Weg und die Wahrheit und das Leben.<\/em><sup data-fn=\"06e37bb6-f190-4c66-ae66-a52414865d9e\" class=\"fn\"><a href=\"#06e37bb6-f190-4c66-ae66-a52414865d9e\" id=\"06e37bb6-f190-4c66-ae66-a52414865d9e-link\">8<\/a><\/sup><a href=\"#sdfootnote8sym\" id=\"sdfootnote8anc\"> <\/a>&#8222;Das Christliche aus dem Holz zu schlagen&#8220;, ist eine st\u00e4ndige Bewegung um die Mitte. Dem Wechselspiel zwischen Vierseit und Viereck in der harmonischen Grundfigur folgend (Abbildung 2), muss man auch das Umfeld des Michaelzeichens betrachten.<\/p>\n\n\n\n<h2 class=\"wp-block-heading\"><span class=\"ez-toc-section\" id=\"Der_Aussenraum\"><\/span><strong>Der Au\u00dfenraum<\/strong><span class=\"ez-toc-section-end\"><\/span><\/h2>\n\n\n\n<p>In seiner <em>Philosophie der Freiheit<\/em><sup data-fn=\"b93785d6-163d-4e72-b092-265752508ba2\" class=\"fn\"><a href=\"#b93785d6-163d-4e72-b092-265752508ba2\" id=\"b93785d6-163d-4e72-b092-265752508ba2-link\">9<\/a><\/sup> skizzierte Rudolf Steiner 1894 die Grundz\u00fcge einer modernen Weltanschauung des freien Menschen, der aus moralischen Intuitionen heraus zu freien Taten in der Lage ist \u2013 das in diesem Sinne T\u00e4tigwerden in der Welt bezeichnete er kurz als &#8222;moralische Technik&#8220;. Intuitionen, die unmittelbar zu Taten veranlassen, hatte (und hat) der Mensch schon immer: Was ist also an einer solchen Weltanschauung &#8222;modern&#8220;?<\/p>\n\n\n\n<p>Seit Beginn des Michael-Zeitalters (1879) ist der Mensch aufgerufen, die Technik (Kunst) freier Taten durch &#8222;moralische Fantasie&#8220; zu kultivieren, mehr und mehr vom Zuschauer zum Mitgestalter des Lebens (insbesondere des eigenen Anschauens) zu werden. Ich m\u00f6chte die drei daf\u00fcr notwendigen F\u00e4higkeiten Intuition, Fantasie und Technik <em>im Umfeld<\/em> des Michaelzeichens verorten, wie in der folgenden Abbildung dargestellt. Die Felder Intuition und Technik \u00fcberlappen mit dem vollst\u00e4ndigen Viereck, die moralische Fantasie <em>nicht<\/em> \u2013 die gilt es eben erst noch zu \u00fcben und zu entwickeln!<\/p>\n\n\n\n<p>In der <em>Allgemeinen Menschenkunde<\/em> f\u00fchrte Steiner die Polarit\u00e4t von Vorstellung und Wille aus.<sup data-fn=\"0b997426-7d72-4fc2-89e7-dbc27543ac1e\" class=\"fn\"><a href=\"#0b997426-7d72-4fc2-89e7-dbc27543ac1e\" id=\"0b997426-7d72-4fc2-89e7-dbc27543ac1e-link\">10<\/a><\/sup> Um etwas zu erkennen, es ins Bild und auf den Begriff zu bringen, bin ich antipathisch t\u00e4tig. Mein Wollen hingegen sympathisiert mit dem Keimhaften, noch nicht Gewordenen, dem M\u00f6glichen, das f\u00fcr seine Realisierung Fantasie und imaginative Kr\u00e4fte erfordert: Ich taste damit aus den mir m\u00f6glichen Individualisierungen und den m\u00f6glichen Konkretisierungen ab, wie aus meinen Intuitionen freie Taten werden k\u00f6nnen. Der Kultivierung moralischer Fantasie kommt daher in unserer Zeit eine besondere Bedeutung zu (Steiner widmete ihr in der <em>Philosophie der Freiheit<\/em> ein ganzes Kapitel) \u2013 sie wird einem nicht geschenkt, sondern muss selbstst\u00e4ndig &#8222;aus dem Nichts&#8220; gesch\u00f6pft werden.<\/p>\n\n\n\n<figure class=\"wp-block-image size-full is-resized\"><img decoding=\"async\" width=\"1450\" height=\"1356\" src=\"https:\/\/anthroposophie.online\/WP\/wp-content\/uploads\/2025\/10\/image-3.png\" alt=\"\" class=\"wp-image-1676\" style=\"aspect-ratio:1;object-fit:contain;width:502px;height:auto\" srcset=\"https:\/\/anthroposophie.online\/WP\/wp-content\/uploads\/2025\/10\/image-3.png 1450w, https:\/\/anthroposophie.online\/WP\/wp-content\/uploads\/2025\/10\/image-3-300x281.png 300w\" sizes=\"(max-width: 1450px) 100vw, 1450px\" \/><\/figure>\n\n\n\n<p>Abb. 4: Das Umfeld des Michaelzeichens<\/p>\n\n\n\n<p>Indem sich Innen- und Au\u00dfenraum des Zeichens ineinander umst\u00fclpen, wird moralische Intuition von michaelischer Kraft durchdrungen, mit der der Mensch moralische Fantasie zu sch\u00f6pfen vermag.<\/p>\n\n\n\n<h2 class=\"wp-block-heading\"><span class=\"ez-toc-section\" id=\"Moralische_Fantasie\"><\/span><strong>Moralische Fantasie<\/strong><span class=\"ez-toc-section-end\"><\/span><\/h2>\n\n\n\n<p>Der freie Mensch findet die Kraft, die notwendig ist, um <em>sich selber<\/em> die Vorstellungen zu bilden, aus denen er moralische Intuitionen individuell und konkret verwirklichen kann.<sup data-fn=\"b367b1f2-f97a-46f3-9fb3-0c0674d3f337\" class=\"fn\"><a href=\"#b367b1f2-f97a-46f3-9fb3-0c0674d3f337\" id=\"b367b1f2-f97a-46f3-9fb3-0c0674d3f337-link\">11<\/a><\/sup> Daf\u00fcr sind neben Kraft auch Wollen und Mut n\u00f6tig, die der Zeitgeist Michael hinzubringt:<\/p>\n\n\n\n<blockquote class=\"wp-block-quote is-layout-flow wp-block-quote-is-layout-flow\">\n<p class=\"has-text-align-left\"><em>Er will <u>angeschaut<\/u> sein.<\/em><br><em>Er arbeitet mit den <u>Folgen<\/u>, nicht mit den Ursachen.<\/em><br><em>Er will erst den <u>Gedanken<\/u>.<\/em><sup data-fn=\"44003d65-7e76-4615-875f-e462896d3ab6\" class=\"fn\"><a href=\"#44003d65-7e76-4615-875f-e462896d3ab6\" id=\"44003d65-7e76-4615-875f-e462896d3ab6-link\">12<\/a><\/sup><\/p>\n<\/blockquote>\n\n\n\n<p>Im P\u00e4dagogischen Jugendkurs (1922) sprach Rudolf Steiner im Zusammenhang mit Erziehungsfragen von der Aufgabe unserer Zeit, Michael &#8222;einen Wagen zu bauen&#8220;: <\/p>\n\n\n\n<blockquote class=\"wp-block-quote is-layout-flow wp-block-quote-is-layout-flow\">\n<p>&#8222;<em>Michael braucht gewisserma\u00dfen einen Wagen, durch den er in unsere Zivilisation hereinkommt. [\u2026] Dazu brauchen wir lebendige Menschlichkeit, wie sie aus \u00fcbersinnlichen Welten in das irdische Menschenleben sich hineinlebt und darinnen sich manifestiert.<\/em>&#8222;<sup data-fn=\"fb0a5f05-f625-40b0-9be3-9d8e48cdc770\" class=\"fn\"><a href=\"#fb0a5f05-f625-40b0-9be3-9d8e48cdc770\" id=\"fb0a5f05-f625-40b0-9be3-9d8e48cdc770-link\">13<\/a><\/sup><\/p>\n<\/blockquote>\n\n\n\n<p>Intuitionen werden durch moralische Fantasie zu freien Taten, wenn der Mensch sein F\u00fchlen, Wollen und Denken verwandelt. Was sind Bedingungen f\u00fcr die moralische Fantasie, aus der Michaels Wagen gebaut ist?<\/p>\n\n\n\n<blockquote class=\"wp-block-quote is-layout-flow wp-block-quote-is-layout-flow\">\n<p><em>Er will <\/em><em><u>angeschaut<\/u><\/em><em> sein.<\/em><\/p>\n<\/blockquote>\n\n\n\n<p>Michael will befragt werden, was in meinem Leben vor der geistigen Welt als gerecht befunden wird. Doch er ist schweigsam und antwortet nicht. Kann ich den H\u00f6rraum halten? Kann ich mit offenen Fragen leben, der Nacht vertrauen, und aufmerksam darauf zuwarten, was sich mir in seinem Blick zeigt? Kann ich mir selbst das Wort erschaffen? Kann ich mein F\u00fchlen von Sentimentalit\u00e4t befreien und es umkehren, so dass es herzlich, zu einem Wahrnehmungsorgan f\u00fcr Inspirationen wird?<\/p>\n\n\n\n<blockquote class=\"wp-block-quote is-layout-flow wp-block-quote-is-layout-flow\">\n<p><em>Er arbeitet mit den <\/em><em><u>Folgen<\/u><\/em><em>, nicht mit den Ursachen.<\/em><\/p>\n<\/blockquote>\n\n\n\n<p>Michael schaut auf das, was werden will und bereits latent vorhanden ist. Tr\u00e4gt mein Tun dazu bei? Bin ich in Kontakt mit meinem inneren, kosmischen Menschen, der durch mich hindurchgeht und meine spirituelle Biografie ins Erdenleben schreibt? Kann ich mich aus der Zukunft sehen? Kann ich mein Wollen umkehren, &#8222;weltenwilliger&#8220; statt eigenwilliger werden, so dass es empf\u00e4nglich und zu einem Wahrnehmungsorgan f\u00fcr Intuitionen wird?<\/p>\n\n\n\n<blockquote class=\"wp-block-quote is-layout-flow wp-block-quote-is-layout-flow\">\n<p><em>Er will erst den <\/em><em><u>Gedanken<\/u><\/em><em>.<\/em><\/p>\n<\/blockquote>\n\n\n\n<p>Michael pr\u00fcft mich, ob ich mir meiner Gedanken und ihres Ursprungs bewusst bin: Was sind die Leitplanken meines Denkens? Denke ich ihre Begrenzungen mit, die Wirkungen meiner Gedanken, das Undenkbare? Kann ich die Perspektive wechseln und mich selbst wie einen Fremden anschauen? Kann ich bei meinem Denken verweilen und es umkehren, so dass es sch\u00f6pferisch und zu einem Wahrnehmungsorgan f\u00fcr Imaginationen wird?<\/p>\n\n\n\n<p>Es mag noch andere Bedingungen geben, doch schon im inneren Mitvollziehen des Michaelzeichens \u00fcben wir den Dreischritt von moralischer Intuition, Fantasie und Technik \u2013 die Kunst &#8222;lebendige[r] Menschlichkeit, wie sie aus \u00fcbersinnlichen Welten in das irdische Menschenleben sich hineinlebt und darinnen sich manifestiert.&#8220; Die beweglichen Gedankenformen der projektiven Geometrie sind ein Werkzeug, um diesen Prozess ins Bild zu bringen.<\/p>\n\n\n\n<p>J\u00fcrgen Brau, im Juni 2025<br><a href=\"https:\/\/www.praxis-biografieberatung.de\/\">Praxis Biografieberatung<\/a><\/p>\n\n\n<ol class=\"wp-block-footnotes\"><li id=\"39c11f7f-b4ce-4c62-bc26-1d72a4bbf069\">eventuell auch schon in der Londoner Klassenstunde am 25.8.1924 <a href=\"#39c11f7f-b4ce-4c62-bc26-1d72a4bbf069-link\" aria-label=\"Zur Fu\u00dfnotenreferenz 1 navigieren\">\u21a9\ufe0e<\/a><\/li><li id=\"e98918b0-842c-4bd4-9510-90d55872cc5a\">Thomas Meyer hat zur &#8222;Formensprache des Michaelzeichens&#8220; bereits einen Deutungsversuch unternommen, siehe: Der Europ\u00e4er, Nr. 11, September 2009, S. 3-5 <a href=\"#e98918b0-842c-4bd4-9510-90d55872cc5a-link\" aria-label=\"Zur Fu\u00dfnotenreferenz 2 navigieren\">\u21a9\ufe0e<\/a><\/li><li id=\"c53fce68-158d-4ac3-a3e6-9d1214beb526\">alle Zeichnungen wurden vom Autor [JB] angefertigt <a href=\"#c53fce68-158d-4ac3-a3e6-9d1214beb526-link\" aria-label=\"Zur Fu\u00dfnotenreferenz 3 navigieren\">\u21a9\ufe0e<\/a><\/li><li id=\"791ae691-eba8-4101-b38e-efa4e1157f0c\">Das Quadrat zum Beispiel hat vier Eckpunkte und sechs Geraden (wenn man die beiden Diagonalen miteinbezieht), und die beiden parallelen Geradenpaare, auf denen die vier Quadratseiten mit den Eckpunkten liegen, weisen jeweils auf einen weiteren gemeinsamen, unendlich fernen Punkt. <a href=\"#791ae691-eba8-4101-b38e-efa4e1157f0c-link\" aria-label=\"Zur Fu\u00dfnotenreferenz 4 navigieren\">\u21a9\ufe0e<\/a><\/li><li id=\"acdddaab-5fe9-4a06-9a7e-f68846f8be04\">&#8222;<em>Intuition<\/em> ist das im rein Geistigen verlaufende bewusste Erleben eines rein geistigen Inhalts.&#8220; (Rudolf Steiner in: Die Philosophie der Freiheit, GA 4, Dornach 1995, S. 146). Aus <em>moralischen<\/em> Intuitionen entspringt menschliches Handeln, im Unterschied zu solchen anl\u00e4sslich einer Wahrnehmung. (Karl-Martin Dietz: Rudolf Steiners Philosophie der Freiheit. Eine Menschenkunde des h\u00f6heren Selbst, Edition Hardenberg im Verlag Freies Geistesleben, Stuttgart 1994, S. 80) <a href=\"#acdddaab-5fe9-4a06-9a7e-f68846f8be04-link\" aria-label=\"Zur Fu\u00dfnotenreferenz 5 navigieren\">\u21a9\ufe0e<\/a><\/li><li id=\"9ec94388-261b-49e6-84d8-ea2a5de47c19\">a.a.O., S. 4 <a href=\"#9ec94388-261b-49e6-84d8-ea2a5de47c19-link\" aria-label=\"Zur Fu\u00dfnotenreferenz 6 navigieren\">\u21a9\ufe0e<\/a><\/li><li id=\"1fd5202c-f585-4354-9918-7683b5475b54\">Rudolf Steiner: Wahrspruchworte, GA 40, Dornach 1998, S. 136 <a href=\"#1fd5202c-f585-4354-9918-7683b5475b54-link\" aria-label=\"Zur Fu\u00dfnotenreferenz 7 navigieren\">\u21a9\ufe0e<\/a><\/li><li id=\"06e37bb6-f190-4c66-ae66-a52414865d9e\">Johannes 14,6 zitiert nach Emil Bock, Urachhaus 1985 <a href=\"#06e37bb6-f190-4c66-ae66-a52414865d9e-link\" aria-label=\"Zur Fu\u00dfnotenreferenz 8 navigieren\">\u21a9\ufe0e<\/a><\/li><li id=\"b93785d6-163d-4e72-b092-265752508ba2\">Rudolf Steiner a.a.O <a href=\"#b93785d6-163d-4e72-b092-265752508ba2-link\" aria-label=\"Zur Fu\u00dfnotenreferenz 9 navigieren\">\u21a9\ufe0e<\/a><\/li><li id=\"0b997426-7d72-4fc2-89e7-dbc27543ac1e\">Rudolf Steiner: Allgemeine Menschenkunde, GA 293, Dornach 1992, S. 34 ff. <a href=\"#0b997426-7d72-4fc2-89e7-dbc27543ac1e-link\" aria-label=\"Zur Fu\u00dfnotenreferenz 10 navigieren\">\u21a9\ufe0e<\/a><\/li><li id=\"b367b1f2-f97a-46f3-9fb3-0c0674d3f337\">Karl-Martin Dietz a.a.O., S. 80 <a href=\"#b367b1f2-f97a-46f3-9fb3-0c0674d3f337-link\" aria-label=\"Zur Fu\u00dfnotenreferenz 11 navigieren\">\u21a9\ufe0e<\/a><\/li><li id=\"44003d65-7e76-4615-875f-e462896d3ab6\">Notizbucheintrag, Januar 1924, Rudolf-Steiner-Archiv Nr. NB 531 (Vorbereitung auf den 6. Vortrag vom 13.1.1924 in: Mysterienst\u00e4tten des Mittelalters, Rosenkreuzertum und modernes Einweihungsprinzip, GA 233a) <a href=\"#44003d65-7e76-4615-875f-e462896d3ab6-link\" aria-label=\"Zur Fu\u00dfnotenreferenz 12 navigieren\">\u21a9\ufe0e<\/a><\/li><li id=\"fb0a5f05-f625-40b0-9be3-9d8e48cdc770\">Rudolf Steiner: Geistige Wirkenskr\u00e4fte im Zusammenleben von alter und junger Generation, GA 217, Dornach 1988, 13. Vortrag vom 15. Oktober 1922 in Stuttgart, S. 192 ff. <a href=\"#fb0a5f05-f625-40b0-9be3-9d8e48cdc770-link\" aria-label=\"Zur Fu\u00dfnotenreferenz 13 navigieren\">\u21a9\ufe0e<\/a><\/li><\/ol>\n\n\n<p><\/p>\n","protected":false},"excerpt":{"rendered":"<p>Michaels Zeichen \u2013 projektiv betrachtet Das Zeichen Michaels, das am Ende jeder Klassenstunde in den Raum &#8222;gezeichnet&#8220; wird, konkretisiert sich durch die individuelle Armbewegung des bzw. der Vorlesenden \u2013 es ist ein Bewegungszeichen. Im Kontext der projektiven Geometrie handelt es sich um eine &#8222;harmonische Grundfigur&#8220;: ein &#8222;vollst\u00e4ndiges Vierseit&#8220;, das in ein &#8222;vollst\u00e4ndiges Viereck&#8220; verwandelt werden [&hellip;]<\/p>\n","protected":false},"author":77,"featured_media":0,"comment_status":"open","ping_status":"open","sticky":false,"template":"","format":"standard","meta":{"ocean_front_end_style_editor":"no","ocean_post_layout":"","ocean_both_sidebars_style":"","ocean_both_sidebars_content_width":0,"ocean_both_sidebars_sidebars_width":0,"ocean_sidebar":"","ocean_second_sidebar":"","ocean_disable_margins":"enable","ocean_add_body_class":"","ocean_shortcode_before_top_bar":"","ocean_shortcode_after_top_bar":"","ocean_shortcode_before_header":"","ocean_shortcode_after_header":"","ocean_has_shortcode":"","ocean_shortcode_after_title":"","ocean_shortcode_before_footer_widgets":"","ocean_shortcode_after_footer_widgets":"","ocean_shortcode_before_footer_bottom":"","ocean_shortcode_after_footer_bottom":"","ocean_display_top_bar":"default","ocean_display_header":"default","ocean_header_style":"","ocean_center_header_left_menu":"","ocean_custom_header_template":"","ocean_custom_logo":0,"ocean_custom_retina_logo":0,"ocean_custom_logo_max_width":0,"ocean_custom_logo_tablet_max_width":0,"ocean_custom_logo_mobile_max_width":0,"ocean_custom_logo_max_height":0,"ocean_custom_logo_tablet_max_height":0,"ocean_custom_logo_mobile_max_height":0,"ocean_header_custom_menu":"","ocean_menu_typo_font_family":"","ocean_menu_typo_font_subset":"","ocean_menu_typo_font_size":0,"ocean_menu_typo_font_size_tablet":0,"ocean_menu_typo_font_size_mobile":0,"ocean_menu_typo_font_size_unit":"px","ocean_menu_typo_font_weight":"","ocean_menu_typo_font_weight_tablet":"","ocean_menu_typo_font_weight_mobile":"","ocean_menu_typo_transform":"","ocean_menu_typo_transform_tablet":"","ocean_menu_typo_transform_mobile":"","ocean_menu_typo_line_height":0,"ocean_menu_typo_line_height_tablet":0,"ocean_menu_typo_line_height_mobile":0,"ocean_menu_typo_line_height_unit":"","ocean_menu_typo_spacing":0,"ocean_menu_typo_spacing_tablet":0,"ocean_menu_typo_spacing_mobile":0,"ocean_menu_typo_spacing_unit":"","ocean_menu_link_color":"","ocean_menu_link_color_hover":"","ocean_menu_link_color_active":"","ocean_menu_link_background":"","ocean_menu_link_hover_background":"","ocean_menu_link_active_background":"","ocean_menu_social_links_bg":"","ocean_menu_social_hover_links_bg":"","ocean_menu_social_links_color":"","ocean_menu_social_hover_links_color":"","ocean_disable_title":"default","ocean_disable_heading":"default","ocean_post_title":"","ocean_post_subheading":"","ocean_post_title_style":"","ocean_post_title_background_color":"","ocean_post_title_background":0,"ocean_post_title_bg_image_position":"","ocean_post_title_bg_image_attachment":"","ocean_post_title_bg_image_repeat":"","ocean_post_title_bg_image_size":"","ocean_post_title_height":0,"ocean_post_title_bg_overlay":0.5,"ocean_post_title_bg_overlay_color":"","ocean_disable_breadcrumbs":"default","ocean_breadcrumbs_color":"","ocean_breadcrumbs_separator_color":"","ocean_breadcrumbs_links_color":"","ocean_breadcrumbs_links_hover_color":"","ocean_display_footer_widgets":"default","ocean_display_footer_bottom":"default","ocean_custom_footer_template":"","ocean_post_oembed":"","ocean_post_self_hosted_media":"","ocean_post_video_embed":"","ocean_link_format":"","ocean_link_format_target":"self","ocean_quote_format":"","ocean_quote_format_link":"post","ocean_gallery_link_images":"on","ocean_gallery_id":[],"footnotes":"[{\"content\":\"eventuell auch schon in der Londoner Klassenstunde am 25.8.1924\",\"id\":\"39c11f7f-b4ce-4c62-bc26-1d72a4bbf069\"},{\"content\":\"Thomas Meyer hat zur \\\"Formensprache des Michaelzeichens\\\" bereits einen Deutungsversuch unternommen, siehe: Der Europ\u00e4er, Nr. 11, September 2009, S. 3-5\",\"id\":\"e98918b0-842c-4bd4-9510-90d55872cc5a\"},{\"content\":\"alle Zeichnungen wurden vom Autor [JB] angefertigt\",\"id\":\"c53fce68-158d-4ac3-a3e6-9d1214beb526\"},{\"content\":\"Das Quadrat zum Beispiel hat vier Eckpunkte und sechs Geraden (wenn man die beiden Diagonalen miteinbezieht), und die beiden parallelen Geradenpaare, auf denen die vier Quadratseiten mit den Eckpunkten liegen, weisen jeweils auf einen weiteren gemeinsamen, unendlich fernen Punkt.\",\"id\":\"791ae691-eba8-4101-b38e-efa4e1157f0c\"},{\"content\":\"\\\"<em>Intuition<\/em> ist das im rein Geistigen verlaufende bewusste Erleben eines rein geistigen Inhalts.\\\" (Rudolf Steiner in: Die Philosophie der Freiheit, GA 4, Dornach 1995, S. 146). Aus <em>moralischen<\/em> Intuitionen entspringt menschliches Handeln, im Unterschied zu solchen anl\u00e4sslich einer Wahrnehmung. (Karl-Martin Dietz: Rudolf Steiners Philosophie der Freiheit. Eine Menschenkunde des h\u00f6heren Selbst, Edition Hardenberg im Verlag Freies Geistesleben, Stuttgart 1994, S. 80)\",\"id\":\"acdddaab-5fe9-4a06-9a7e-f68846f8be04\"},{\"content\":\"a.a.O., S. 4\",\"id\":\"9ec94388-261b-49e6-84d8-ea2a5de47c19\"},{\"content\":\"Rudolf Steiner: Wahrspruchworte, GA 40, Dornach 1998, S. 136\",\"id\":\"1fd5202c-f585-4354-9918-7683b5475b54\"},{\"content\":\"Johannes 14,6 zitiert nach Emil Bock, Urachhaus 1985\",\"id\":\"06e37bb6-f190-4c66-ae66-a52414865d9e\"},{\"content\":\"Rudolf Steiner a.a.O\",\"id\":\"b93785d6-163d-4e72-b092-265752508ba2\"},{\"content\":\"Rudolf Steiner: Allgemeine Menschenkunde, GA 293, Dornach 1992, S. 34 ff.\",\"id\":\"0b997426-7d72-4fc2-89e7-dbc27543ac1e\"},{\"content\":\"Karl-Martin Dietz a.a.O., S. 80\",\"id\":\"b367b1f2-f97a-46f3-9fb3-0c0674d3f337\"},{\"content\":\"Notizbucheintrag, Januar 1924, Rudolf-Steiner-Archiv Nr. NB 531 (Vorbereitung auf den 6. Vortrag vom 13.1.1924 in: Mysterienst\u00e4tten des Mittelalters, Rosenkreuzertum und modernes Einweihungsprinzip, GA 233a)\",\"id\":\"44003d65-7e76-4615-875f-e462896d3ab6\"},{\"content\":\"Rudolf Steiner: Geistige Wirkenskr\u00e4fte im Zusammenleben von alter und junger Generation, GA 217, Dornach 1988, 13. Vortrag vom 15. Oktober 1922 in Stuttgart, S. 192 ff.\",\"id\":\"fb0a5f05-f625-40b0-9be3-9d8e48cdc770\"}]","_members_access_role":[],"_members_access_error":""},"categories":[8,6,7,49],"tags":[],"class_list":["post-1670","post","type-post","status-publish","format-standard","hentry","category-klasse1","category-anthroposophie","category-hochschule","category-kb13","entry"],"_links":{"self":[{"href":"https:\/\/anthroposophie.online\/WP\/wp-json\/wp\/v2\/posts\/1670","targetHints":{"allow":["GET"]}}],"collection":[{"href":"https:\/\/anthroposophie.online\/WP\/wp-json\/wp\/v2\/posts"}],"about":[{"href":"https:\/\/anthroposophie.online\/WP\/wp-json\/wp\/v2\/types\/post"}],"author":[{"embeddable":true,"href":"https:\/\/anthroposophie.online\/WP\/wp-json\/wp\/v2\/users\/77"}],"replies":[{"embeddable":true,"href":"https:\/\/anthroposophie.online\/WP\/wp-json\/wp\/v2\/comments?post=1670"}],"version-history":[{"count":7,"href":"https:\/\/anthroposophie.online\/WP\/wp-json\/wp\/v2\/posts\/1670\/revisions"}],"predecessor-version":[{"id":1685,"href":"https:\/\/anthroposophie.online\/WP\/wp-json\/wp\/v2\/posts\/1670\/revisions\/1685"}],"wp:attachment":[{"href":"https:\/\/anthroposophie.online\/WP\/wp-json\/wp\/v2\/media?parent=1670"}],"wp:term":[{"taxonomy":"category","embeddable":true,"href":"https:\/\/anthroposophie.online\/WP\/wp-json\/wp\/v2\/categories?post=1670"},{"taxonomy":"post_tag","embeddable":true,"href":"https:\/\/anthroposophie.online\/WP\/wp-json\/wp\/v2\/tags?post=1670"}],"curies":[{"name":"wp","href":"https:\/\/api.w.org\/{rel}","templated":true}]}}